{"id":2446,"date":"2020-09-03T18:53:00","date_gmt":"2020-09-03T18:53:00","guid":{"rendered":"http:\/\/gammon.br\/?p=2446"},"modified":"2022-06-14T19:16:30","modified_gmt":"2022-06-14T19:16:30","slug":"legenda-literaria-4c","status":"publish","type":"post","link":"https:\/\/gammon.br\/site_antigo\/legenda-literaria-4c\/","title":{"rendered":"Legenda Liter\u00e1ria 4\u00b0C"},"content":{"rendered":"\n<p id=\"viewer-ediul\"><strong>Ana Luisa Galdino Alves<\/strong><\/p>\n\n\n\n<p id=\"viewer-d4lta\">P\u00f4r do sol<\/p>\n\n\n\n<p id=\"viewer-7d4lg\">Da minha casa vejo o c\u00e9u<\/p>\n\n\n\n<p id=\"viewer-2tv3n\">Um c\u00e9u cheio de cores Aqui \u00e9 meu porto seguro Onde vivo muitas emo\u00e7\u00f5es Pois aproveitar \u00e9 sempre bom!!!!! Esse c\u00e9u \u00e9 especial Mas n\u00e3o \u00e9 incomum Se voc\u00ea olhar para fora Vai ver essa beleza natural !!!!!<\/p>\n\n\n\n<figure class=\"wp-block-image\"><img decoding=\"async\" src=\"https:\/\/static.wixstatic.com\/media\/8b9224_e5273e94804f4e5b912b3f9e3dbf1975~mv2.png\/v1\/fill\/w_487,h_365,al_c,lg_1,q_95\/8b9224_e5273e94804f4e5b912b3f9e3dbf1975~mv2.webp\" alt=\"\"\/><\/figure>\n\n\n\n<p id=\"viewer-fspis\"><strong>Ana Luisa Pereira da Silva<\/strong><\/p>\n\n\n\n<p id=\"viewer-2tg0j\">Nessa \u00e9poca de quarentena<\/p>\n\n\n\n<p id=\"viewer-18eun\">O recomendado \u00e9 ficar em casa,<\/p>\n\n\n\n<p id=\"viewer-44mm0\">Mas se precisar sair, use m\u00e1scara.<\/p>\n\n\n\n<p id=\"viewer-d8ikr\">E quando chegar em casa tome um banho<\/p>\n\n\n\n<p id=\"viewer-7qcup\">Para que o v\u00edrus n\u00e3o se distribua.<\/p>\n\n\n\n<p id=\"viewer-7e35m\">E nessa \u00e9poca<\/p>\n\n\n\n<p id=\"viewer-grbk\">O bom \u00e9 que as fam\u00edlias est\u00e3o mais unidas.<\/p>\n\n\n\n<p id=\"viewer-api7d\">Mas o que n\u00e3o estou gostando<\/p>\n\n\n\n<p id=\"viewer-8gm98\">\u00c9 ficar longe da escola,<\/p>\n\n\n\n<p id=\"viewer-pdr4\">Pois sinto falta dos amigos e professores.<\/p>\n\n\n\n<p id=\"viewer-2vihu\">Agora tamb\u00e9m estamos tendo aula online<\/p>\n\n\n\n<p id=\"viewer-g85u\">A\u00ed, j\u00e1 d\u00e1 para matar um pouco a saudade,<\/p>\n\n\n\n<p id=\"viewer-1hd5g\">Mas ver os amigos e professores pela tela do computador<\/p>\n\n\n\n<p id=\"viewer-3clqm\">N\u00e3o \u00e9 a mesma coisa de ver pessoalmente.<\/p>\n\n\n\n<p id=\"viewer-e6k1r\">Mas todos n\u00f3s sabemos<\/p>\n\n\n\n<p id=\"viewer-25u21\">Que se tomarmos todas as precau\u00e7\u00f5es<\/p>\n\n\n\n<p id=\"viewer-aadbk\">De forma correta<\/p>\n\n\n\n<p id=\"viewer-eg94a\">Logo, logo poderemos sair da quarentena.<\/p>\n\n\n\n<figure class=\"wp-block-image\"><img decoding=\"async\" src=\"https:\/\/static.wixstatic.com\/media\/a27d24_9948f6f799364d06ab7e23772ffcbddf~mv2.jpg\/v1\/fill\/w_621,h_503,al_c,q_90\/a27d24_9948f6f799364d06ab7e23772ffcbddf~mv2.webp\" alt=\"\"\/><\/figure>\n\n\n\n<p id=\"viewer-b65cn\"><strong>Elisa Rodrigues Raj\u00e3o<\/strong><\/p>\n\n\n\n<p id=\"viewer-51n8l\">COZINHANDO COM AMOR<\/p>\n\n\n\n<p id=\"viewer-1mpfh\">No dia 23 de maio de 2020,<\/p>\n\n\n\n<p id=\"viewer-6ti67\">Foi anivers\u00e1rio da m\u00e3e da Elisa.<\/p>\n\n\n\n<p id=\"viewer-bcovj\">Para n\u00e3o passar em branco<\/p>\n\n\n\n<p id=\"viewer-7f78f\">Nesse tempo de supera\u00e7\u00e3o da quarentena,<\/p>\n\n\n\n<p id=\"viewer-209mr\">Fiz um doce de leite ninho<\/p>\n\n\n\n<p id=\"viewer-2on76\">Para alegrar seu cora\u00e7\u00e3o.<\/p>\n\n\n\n<figure class=\"wp-block-image\"><img decoding=\"async\" src=\"https:\/\/static.wixstatic.com\/media\/8b9224_8c572830b3eb4a5fb474db9d635d8efa~mv2.jpg\/v1\/fill\/w_621,h_769,al_c,q_90\/8b9224_8c572830b3eb4a5fb474db9d635d8efa~mv2.webp\" alt=\"\"\/><\/figure>\n\n\n\n<p id=\"viewer-555kc\"><strong>Gabriel Aparecido Pereira<\/strong><\/p>\n\n\n\n<p id=\"viewer-6ljpj\">O DIA DO DESENHO<\/p>\n\n\n\n<p id=\"viewer-3uoh5\">Por causa do Coronav\u00edrus<\/p>\n\n\n\n<p id=\"viewer-41ge9\">Estamos de quarentena<\/p>\n\n\n\n<p id=\"viewer-81jt3\">E sobra muito tempo.<\/p>\n\n\n\n<p id=\"viewer-2roif\">Ent\u00e3o vamos brincar,<\/p>\n\n\n\n<p id=\"viewer-bs8tb\">Ent\u00e3o vamos desenhar,<\/p>\n\n\n\n<p id=\"viewer-bt0ha\">Pois a vida continua<\/p>\n\n\n\n<p id=\"viewer-1uqdu\">E tudo vai passar.<\/p>\n\n\n\n<p id=\"viewer-cn4su\">Um grande abra\u00e7o,<\/p>\n\n\n\n<p id=\"viewer-f6qo1\">Por enquanto,<\/p>\n\n\n\n<p id=\"viewer-55rqg\">S\u00f3 de longe e no pensamento<\/p>\n\n\n\n<p id=\"viewer-evq5g\">Em breve na escola vamos nos encontrar<\/p>\n\n\n\n<p id=\"viewer-ba51m\">Para que juntos possamos brincar.<\/p>\n\n\n\n<figure class=\"wp-block-image\"><img decoding=\"async\" src=\"https:\/\/static.wixstatic.com\/media\/8b9224_e7c113c7b83a46669ab3a3911a5873c0~mv2.png\/v1\/fill\/w_621,h_367,al_c,lg_1,q_95\/8b9224_e7c113c7b83a46669ab3a3911a5873c0~mv2.webp\" alt=\"\"\/><\/figure>\n\n\n\n<p id=\"viewer-f2f0i\"><strong>Gabriel Santiago dos Santos Carvalho<\/strong><\/p>\n\n\n\n<p id=\"viewer-99pso\">Que saudade da escola<\/p>\n\n\n\n<p id=\"viewer-63qjt\">Dos amigos, dos professores&#8230;<\/p>\n\n\n\n<p id=\"viewer-pvd1\">Sem o abra\u00e7o<\/p>\n\n\n\n<p id=\"viewer-8t6bv\">\u00c9 uma solid\u00e3o dentro do meu cora\u00e7\u00e3o.<\/p>\n\n\n\n<p id=\"viewer-7p7s7\">Essa quarentena est\u00e1 sendo um t\u00e9dio<\/p>\n\n\n\n<p id=\"viewer-8ngol\">Mas tudo vai passar<\/p>\n\n\n\n<p id=\"viewer-7h5lp\">E esse t\u00e9dio<\/p>\n\n\n\n<p id=\"viewer-9v6v4\">Vai virar brincadeira de mont\u00e3o<\/p>\n\n\n\n<p id=\"viewer-a2mk0\">Para alegrar meu cora\u00e7\u00e3o.<\/p>\n\n\n\n<figure class=\"wp-block-image\"><img decoding=\"async\" src=\"https:\/\/static.wixstatic.com\/media\/8b9224_82e9896335024200a81a897f1b6efc87~mv2.jpg\/v1\/fill\/w_576,h_768,al_c,lg_1,q_90\/8b9224_82e9896335024200a81a897f1b6efc87~mv2.webp\" alt=\"\"\/><\/figure>\n\n\n\n<p id=\"viewer-b61uq\"><strong>Helena David Resende<\/strong><\/p>\n\n\n\n<p id=\"viewer-ftn3s\">Os cachorrinhos<\/p>\n\n\n\n<p id=\"viewer-9f1te\">S\u00e3o fofinhos,<\/p>\n\n\n\n<p id=\"viewer-2q7hs\">Amig\u00e1veis e<\/p>\n\n\n\n<p id=\"viewer-77ev\">Muito pregui\u00e7osos.<\/p>\n\n\n\n<p id=\"viewer-coln9\">Esse \u00e9 o meu cachorrinho<\/p>\n\n\n\n<p id=\"viewer-5uimb\">Na quarentena, s\u00f3 dormindo<\/p>\n\n\n\n<p id=\"viewer-5q009\">E o pensamento dele \u00e9:<\/p>\n\n\n\n<p id=\"viewer-7nqbe\">\u201cMam\u00e3e n\u00e3o me enche o saco<\/p>\n\n\n\n<p id=\"viewer-am54n\">eu estava dormindo\u201d.<\/p>\n\n\n\n<figure class=\"wp-block-image\"><img decoding=\"async\" src=\"https:\/\/static.wixstatic.com\/media\/a27d24_cf7a1e9d9b9647d380a88fa193f842f3~mv2.jpg\/v1\/fill\/w_621,h_826,al_c,q_90\/a27d24_cf7a1e9d9b9647d380a88fa193f842f3~mv2.webp\" alt=\"\"\/><\/figure>\n\n\n\n<p id=\"viewer-5tjvo\"><strong>Isabella Liberato Nogueira<\/strong><\/p>\n\n\n\n<p id=\"viewer-fek5f\">Quarentena \u2026<\/p>\n\n\n\n<p id=\"viewer-9tbhu\">Precisamos gastar nossa energia em acreditar ,<\/p>\n\n\n\n<p id=\"viewer-c0jtj\">E n\u00e3o s\u00f3 reclamar \u2026<\/p>\n\n\n\n<p id=\"viewer-depcb\">Sempre feliz,<\/p>\n\n\n\n<p id=\"viewer-duivl\">Num s\u00e1bado \u00e0 tarde,<\/p>\n\n\n\n<p id=\"viewer-cgpc3\">Por\u00e9m, s\u00f3 em casa.<\/p>\n\n\n\n<figure class=\"wp-block-image\"><img decoding=\"async\" src=\"https:\/\/static.wixstatic.com\/media\/8b9224_c7f4571a202f451fa0108109aeaacd14~mv2.jpg\/v1\/fill\/w_621,h_349,al_c,q_90\/8b9224_c7f4571a202f451fa0108109aeaacd14~mv2.webp\" alt=\"\"\/><\/figure>\n\n\n\n<p id=\"viewer-6kl7d\"><strong>Jovana Gomes Oliveira<\/strong><\/p>\n\n\n\n<p id=\"viewer-8bk8s\">Meu nome \u00e9 Jovana,<\/p>\n\n\n\n<p id=\"viewer-4o14d\">Estou fazendo muita coisa na quarentena,<\/p>\n\n\n\n<p id=\"viewer-4jrbt\">Brincando bastante com minha irm\u00e3zinha<\/p>\n\n\n\n<p id=\"viewer-5cc4k\">E estudando tamb\u00e9m<\/p>\n\n\n\n<p id=\"viewer-fmhg7\">Nessa foto estamos eu e a minha irm\u00e3<\/p>\n\n\n\n<p id=\"viewer-f5ono\">Estamos brincando de passear, s\u00f3 que com m\u00e1scara.<\/p>\n\n\n\n<figure class=\"wp-block-image\"><img decoding=\"async\" src=\"https:\/\/static.wixstatic.com\/media\/8b9224_c81ccc00cedd4ff09aba660868b6fd9c~mv2.jpg\/v1\/fill\/w_621,h_414,al_c,q_90\/8b9224_c81ccc00cedd4ff09aba660868b6fd9c~mv2.webp\" alt=\"\"\/><\/figure>\n\n\n\n<p id=\"viewer-2u0br\"><strong>Julia Godinho Gimeno<\/strong><\/p>\n\n\n\n<p id=\"viewer-b3qpj\">Saudades de um abra\u00e7o<\/p>\n\n\n\n<p id=\"viewer-ejq5g\">Saudades da sua amizade<\/p>\n\n\n\n<p id=\"viewer-5j4ee\">Sua imensa imagina\u00e7\u00e3o<\/p>\n\n\n\n<p id=\"viewer-8toke\">E de muita felicidade.<\/p>\n\n\n\n<figure class=\"wp-block-image\"><img decoding=\"async\" src=\"https:\/\/static.wixstatic.com\/media\/8b9224_4c96a356525744bf8038759747266896~mv2.jpg\/v1\/fill\/w_621,h_614,al_c,q_90\/8b9224_4c96a356525744bf8038759747266896~mv2.webp\" alt=\"\"\/><\/figure>\n\n\n\n<p id=\"viewer-d7bpb\"><strong>Let\u00edcia Andrade da Silva<\/strong><\/p>\n\n\n\n<p id=\"viewer-8enm2\">Os animais s\u00e3o perfeitos,<\/p>\n\n\n\n<p id=\"viewer-2nfah\">Por isso dizem que s\u00e3o os melhores amigos do homem.<\/p>\n\n\n\n<p id=\"viewer-asm92\">Nessa quarentena e t\u00ea-los ao nosso lado<\/p>\n\n\n\n<p id=\"viewer-dol5q\">Faz nosso cora\u00e7\u00e3o sentir que continuamos sendo amados.<\/p>\n\n\n\n<figure class=\"wp-block-image\"><img decoding=\"async\" src=\"https:\/\/static.wixstatic.com\/media\/8b9224_59c06a13d5f94ae8bade3a5d1ba3882e~mv2.png\/v1\/fill\/w_621,h_835,al_c,q_95\/8b9224_59c06a13d5f94ae8bade3a5d1ba3882e~mv2.webp\" alt=\"\"\/><\/figure>\n\n\n\n<p id=\"viewer-4rflj\"><strong>Maria Lu\u00edsa Santos Neves<\/strong><\/p>\n\n\n\n<p id=\"viewer-9gm4m\">A criatividade \u00e9 Inven\u00e7\u00e3o<\/p>\n\n\n\n<p id=\"viewer-2p129\">Dedica\u00e7\u00e3o<\/p>\n\n\n\n<p id=\"viewer-22k7k\">Opini\u00e3o<\/p>\n\n\n\n<p id=\"viewer-e74av\">Concentra\u00e7\u00e3o<\/p>\n\n\n\n<p id=\"viewer-a78ho\">Aprimora\u00e7\u00e3o<\/p>\n\n\n\n<p id=\"viewer-d5tit\">Liberdade<\/p>\n\n\n\n<p id=\"viewer-4rhp0\">E vontade de usar e abusar da sua CRIATIVIDADE.<\/p>\n\n\n\n<figure class=\"wp-block-image\"><img decoding=\"async\" src=\"https:\/\/static.wixstatic.com\/media\/8b9224_cb8c4396d6d54a3eaa8cabf5dc79012a~mv2.png\/v1\/fill\/w_621,h_466,al_c,q_95\/8b9224_cb8c4396d6d54a3eaa8cabf5dc79012a~mv2.webp\" alt=\"\"\/><\/figure>\n\n\n\n<p id=\"viewer-597nv\"><strong>Mateus Rodrigues Moreira<\/strong><\/p>\n\n\n\n<p id=\"viewer-9ff1l\">Fazendo o papel mach\u00ea na quarentena,<\/p>\n\n\n\n<p id=\"viewer-9cko6\">Pois as aulas presenciais foram canceladas<\/p>\n\n\n\n<p id=\"viewer-1j4td\">J\u00e1 faz quase uma centena.<\/p>\n\n\n\n<p id=\"viewer-dl9oc\">Pelo classroom eu fa\u00e7o a atividade virtual<\/p>\n\n\n\n<p id=\"viewer-25kgp\">Para manter meu intelectual.<\/p>\n\n\n\n<figure class=\"wp-block-image\"><img decoding=\"async\" src=\"https:\/\/static.wixstatic.com\/media\/8b9224_7ab954fdc6ad4415921268cb921a7ec0~mv2.jpg\/v1\/fill\/w_621,h_466,al_c,q_90\/8b9224_7ab954fdc6ad4415921268cb921a7ec0~mv2.webp\" alt=\"\"\/><\/figure>\n\n\n\n<p id=\"viewer-24m98\"><strong>Matheus Duarte Rocha da Silva<\/strong><\/p>\n\n\n\n<p id=\"viewer-1a0ja\">A quarentena nos causou v\u00e1rios problemas,<\/p>\n\n\n\n<p id=\"viewer-58f4a\">Entre eles, aqueles causados pelo sedentarismo.<\/p>\n\n\n\n<p id=\"viewer-66ijn\">Neste momento,<\/p>\n\n\n\n<p id=\"viewer-adjnp\">n\u00e3o podemos nos movimentar como quer\u00edamos!<\/p>\n\n\n\n<p id=\"viewer-8h0jj\">Nesta proposta,<\/p>\n\n\n\n<p id=\"viewer-52en4\">De tentar ser ativo,<\/p>\n\n\n\n<p id=\"viewer-ek6l4\">Minha fam\u00edlia prop\u00f4s uma caminhada<\/p>\n\n\n\n<p id=\"viewer-bc04q\">Para l\u00e1 de dif\u00edcil!<\/p>\n\n\n\n<p id=\"viewer-ebiju\">Serra da Bocaina!<\/p>\n\n\n\n<p id=\"viewer-8jo6a\">A subida foi dif\u00edcil,<\/p>\n\n\n\n<p id=\"viewer-4ue9g\">Mas a vista foi linda!<\/p>\n\n\n\n<p id=\"viewer-1d8bv\">O que importa \u00e9 continuar persistindo\u2026<\/p>\n\n\n\n<p id=\"viewer-c19cj\">Treinar para manter a sa\u00fade!<\/p>\n\n\n\n<p id=\"viewer-9encc\">Ficar saud\u00e1vel<\/p>\n\n\n\n<p id=\"viewer-fdviu\">E, mesmo com muito dificuldade,<\/p>\n\n\n\n<p id=\"viewer-fmv5f\">Tentar seguir ativo!<\/p>\n\n\n\n<p id=\"viewer-atdhv\">Melhor se tiver como motivo,<\/p>\n\n\n\n<p id=\"viewer-9mc8n\">Uma vista desta!<\/p>\n\n\n\n<p id=\"viewer-65vv7\">Se desistir,<\/p>\n\n\n\n<p id=\"viewer-6aspe\">O sedentarismo chegar\u00e1,<\/p>\n\n\n\n<p id=\"viewer-3fsv2\">E nem as melhores vistas voc\u00ea ter\u00e1.<\/p>\n\n\n\n<p id=\"viewer-f2j3r\">Ent\u00e3o, vamos embora nos movimentar,<\/p>\n\n\n\n<p id=\"viewer-dl84i\">Porque em Lavras v\u00e1rias vistas maravilhosas ter\u00e1!!!!<\/p>\n\n\n\n<figure class=\"wp-block-image\"><img decoding=\"async\" src=\"https:\/\/static.wixstatic.com\/media\/8b9224_19a0913bd3e54c82b4a9fd1a56e167c8~mv2.png\/v1\/fill\/w_621,h_828,al_c,q_95\/8b9224_19a0913bd3e54c82b4a9fd1a56e167c8~mv2.webp\" alt=\"\"\/><\/figure>\n\n\n\n<p id=\"viewer-fg3tk\"><strong>Pedro Zica Paiva<\/strong><\/p>\n\n\n\n<p id=\"viewer-74t7r\">Saber viver cada alegria,<\/p>\n\n\n\n<p id=\"viewer-aae38\">em plena pandemia,<\/p>\n\n\n\n<p id=\"viewer-6piam\">com muita farra na quarentena,<\/p>\n\n\n\n<p id=\"viewer-21dql\">pois isso \u00e9 o que vale a pena.<\/p>\n\n\n\n<figure class=\"wp-block-image\"><img decoding=\"async\" src=\"https:\/\/static.wixstatic.com\/media\/8b9224_01161665a3f543bf8a7ed1a8a2b3961c~mv2.jpg\/v1\/fill\/w_448,h_448,al_c,lg_1,q_90\/8b9224_01161665a3f543bf8a7ed1a8a2b3961c~mv2.webp\" alt=\"\"\/><\/figure>\n\n\n\n<p id=\"viewer-1hcoe\"><strong>Rafael Ribeiro Nascimento<\/strong><\/p>\n\n\n\n<p id=\"viewer-fjgbd\">Tudo tem dois lados:<\/p>\n\n\n\n<p id=\"viewer-dq5ls\">O bom e o ruim.<\/p>\n\n\n\n<p id=\"viewer-54hq0\">Depende apenas de n\u00f3s<\/p>\n\n\n\n<p id=\"viewer-b23lu\">Escolhermos para qual lado ir.<\/p>\n\n\n\n<p id=\"viewer-4hc1j\">Eu escolho<\/p>\n\n\n\n<p id=\"viewer-84l09\">O melhor lado.<\/p>\n\n\n\n<p id=\"viewer-fc2oo\">Podemos viver felizes momentos<\/p>\n\n\n\n<p id=\"viewer-9u7lr\">E guardar tudo isso como aprendizado.<\/p>\n\n\n\n<figure class=\"wp-block-image\"><img decoding=\"async\" src=\"https:\/\/static.wixstatic.com\/media\/8b9224_8f3b0775c00148958bc20d8d98211b8b~mv2.jpg\/v1\/fill\/w_621,h_466,al_c,q_90\/8b9224_8f3b0775c00148958bc20d8d98211b8b~mv2.webp\" alt=\"\"\/><\/figure>\n\n\n\n<p id=\"viewer-62rf7\"><strong>Rayssa Corr\u00eaa de Azevedo<\/strong><\/p>\n\n\n\n<p id=\"viewer-4tobr\">Estou muito triste com a pandemia<\/p>\n\n\n\n<p id=\"viewer-e9o5h\">N\u00e3o posso encontrar meus amigos<\/p>\n\n\n\n<p id=\"viewer-ba7pb\">Nem ter muitos tipos de companhia.<\/p>\n\n\n\n<p id=\"viewer-9v4b3\">Sair s\u00f3 quando muito importante<\/p>\n\n\n\n<p id=\"viewer-cca2d\">Sempre usando m\u00e1scara<\/p>\n\n\n\n<p id=\"viewer-37j7q\">E um tipo de desinfetante.<\/p>\n\n\n\n<p id=\"viewer-doli0\">Minhas aulas s\u00e3o via computador<\/p>\n\n\n\n<p id=\"viewer-6c6t2\">No come\u00e7o quase fiquei louca<\/p>\n\n\n\n<p id=\"viewer-7n4e1\">Mas agora estou me adaptando<\/p>\n\n\n\n<p id=\"viewer-2gvfc\">E j\u00e1 fa\u00e7o tudo com muito amor.<\/p>\n\n\n\n<p id=\"viewer-77dr\">Acredito que tudo tem seu lado bom<\/p>\n\n\n\n<p id=\"viewer-1mjd7\">Estou mais junto de minha fam\u00edlia<\/p>\n\n\n\n<p id=\"viewer-p9to\">Quero que tudo acabe logo<\/p>\n\n\n\n<p id=\"viewer-1h8de\">Para voltarmos ao normal algum dia.<\/p>\n\n\n\n<figure class=\"wp-block-image\"><img decoding=\"async\" src=\"https:\/\/static.wixstatic.com\/media\/8b9224_4c28610d39f04af08163aad522e4d6b7~mv2.jpg\/v1\/fill\/w_574,h_425,al_c,lg_1,q_90\/8b9224_4c28610d39f04af08163aad522e4d6b7~mv2.webp\" alt=\"\"\/><\/figure>\n\n\n\n<p id=\"viewer-d0013\"><strong>Matheus Victor Salles Pereira<\/strong><\/p>\n\n\n\n<p id=\"viewer-5947k\">Eu e meu primo Carlos<\/p>\n\n\n\n<p id=\"viewer-dhr2r\">Com a perna enterrada na areia<\/p>\n\n\n\n<p id=\"viewer-ds023\">Nesse dia est\u00e1vamos na praia da Enseada<\/p>\n\n\n\n<p id=\"viewer-fevkr\">No Guaruj\u00e1, em S\u00e3o Paulo<\/p>\n\n\n\n<p id=\"viewer-bmbdt\">Tamb\u00e9m nos divertimos muito<\/p>\n\n\n\n<p id=\"viewer-5alhm\">Quero voltar logo!<\/p>\n\n\n\n<div class=\"wp-block-group\"><div class=\"wp-block-group__inner-container is-layout-flow wp-block-group-is-layout-flow\">\n<figure class=\"wp-block-image\"><img decoding=\"async\" src=\"https:\/\/static.wixstatic.com\/media\/8b9224_d51c653e3fef43908059eeeffa5b705e~mv2.jpg\/v1\/fill\/w_621,h_373,al_c,q_90\/8b9224_d51c653e3fef43908059eeeffa5b705e~mv2.webp\" alt=\"\"\/><\/figure>\n\n\n\n<p id=\"viewer-c396g\"><strong>Paulo Ot\u00e1vio Hardoim<\/strong><\/p>\n\n\n\n<p id=\"viewer-eauc2\">Hoje ao amanhecer ,<\/p>\n\n\n\n<p id=\"viewer-6m49q\">Eu vou comer,<\/p>\n\n\n\n<p id=\"viewer-ftmj2\">Comer um p\u00e3o gostoso,<\/p>\n\n\n\n<p id=\"viewer-5vqhf\">Tomar um suco delicioso,<\/p>\n\n\n\n<p id=\"viewer-vsd7\">Enquanto isso vou pensar<\/p>\n\n\n\n<p id=\"viewer-1s1d2\">Como ser\u00e1 o meu almo\u00e7o?<\/p>\n\n\n\n<p id=\"viewer-1n7me\">No dia seguinte,<\/p>\n\n\n\n<p id=\"viewer-ndl6\">Ao amanhecer,<\/p>\n\n\n\n<p id=\"viewer-udfo\">Vou comer<\/p>\n\n\n\n<p id=\"viewer-8hmfb\">Comer uma melancia fresquinha ,<\/p>\n\n\n\n<p id=\"viewer-b2itu\">Comer p\u00eassego em lata e pensar na minha vidinha.<\/p>\n\n\n\n<p id=\"viewer-fa9m3\">Esperando o amanh\u00e3.<\/p>\n<\/div><\/div>\n","protected":false},"excerpt":{"rendered":"<p>Ana Luisa Galdino Alves P\u00f4r do sol Da minha casa vejo o c\u00e9u Um c\u00e9u cheio de cores Aqui \u00e9 meu porto seguro Onde vivo muitas emo\u00e7\u00f5es Pois aproveitar \u00e9 sempre bom!!!!! Esse c\u00e9u \u00e9 especial Mas n\u00e3o \u00e9 incomum Se voc\u00ea olhar para fora Vai ver essa beleza natural !!!!! Ana Luisa Pereira da [&hellip;]<\/p>\n","protected":false},"author":1,"featured_media":2449,"comment_status":"open","ping_status":"open","sticky":false,"template":"","format":"standard","meta":{"footnotes":""},"categories":[20,1],"tags":[],"class_list":["post-2446","post","type-post","status-publish","format-standard","has-post-thumbnail","hentry","category-lavras","category-uncategorized"],"yoast_head":"<!-- This site is optimized with the Yoast SEO plugin v16.5 - https:\/\/yoast.com\/wordpress\/plugins\/seo\/ -->\n<title>Legenda Liter\u00e1ria 4\u00b0C - Instituto Presbiteriano Gammon<\/title>\n<meta name=\"robots\" content=\"noindex, follow, max-snippet:-1, max-image-preview:large, max-video-preview:-1\" \/>\n<meta property=\"og:locale\" content=\"pt_BR\" \/>\n<meta property=\"og:type\" content=\"article\" \/>\n<meta property=\"og:title\" content=\"Legenda Liter\u00e1ria 4\u00b0C - Instituto Presbiteriano Gammon\" \/>\n<meta property=\"og:description\" content=\"Ana Luisa Galdino Alves P\u00f4r do sol Da minha casa vejo o c\u00e9u Um c\u00e9u cheio de cores Aqui \u00e9 meu porto seguro Onde vivo muitas emo\u00e7\u00f5es Pois aproveitar \u00e9 sempre bom!!!!! Esse c\u00e9u \u00e9 especial Mas n\u00e3o \u00e9 incomum Se voc\u00ea olhar para fora Vai ver essa beleza natural !!!!! Ana Luisa Pereira da [&hellip;]\" \/>\n<meta property=\"og:url\" content=\"https:\/\/gammon.br\/site_antigo\/legenda-literaria-4c\/\" \/>\n<meta property=\"og:site_name\" content=\"Instituto Presbiteriano Gammon\" \/>\n<meta property=\"article:published_time\" content=\"2020-09-03T18:53:00+00:00\" \/>\n<meta property=\"article:modified_time\" content=\"2022-06-14T19:16:30+00:00\" \/>\n<meta name=\"twitter:card\" content=\"summary_large_image\" \/>\n<meta name=\"twitter:image\" content=\"https:\/\/gammon.br\/site_antigo\/wp-content\/uploads\/2020\/09\/8b9224_c64d68e44d064cf2831fd44b368fa539_mv2.webp\" \/>\n<meta name=\"twitter:label1\" content=\"Est. tempo de leitura\" \/>\n\t<meta name=\"twitter:data1\" content=\"8 minutos\" \/>\n<script type=\"application\/ld+json\" class=\"yoast-schema-graph\">{\"@context\":\"https:\/\/schema.org\",\"@graph\":[{\"@type\":\"WebSite\",\"@id\":\"https:\/\/gammon.br\/site_antigo\/#website\",\"url\":\"https:\/\/gammon.br\/site_antigo\/\",\"name\":\"Instituto Presbiteriano Gammon\",\"description\":\"-\",\"potentialAction\":[{\"@type\":\"SearchAction\",\"target\":\"https:\/\/gammon.br\/site_antigo\/?s={search_term_string}\",\"query-input\":\"required name=search_term_string\"}],\"inLanguage\":\"pt-BR\"},{\"@type\":\"ImageObject\",\"@id\":\"https:\/\/gammon.br\/site_antigo\/legenda-literaria-4c\/#primaryimage\",\"inLanguage\":\"pt-BR\",\"url\":\"https:\/\/gammon.br\/site_antigo\/wp-content\/uploads\/2020\/09\/8b9224_c64d68e44d064cf2831fd44b368fa539_mv2.webp\",\"contentUrl\":\"https:\/\/gammon.br\/site_antigo\/wp-content\/uploads\/2020\/09\/8b9224_c64d68e44d064cf2831fd44b368fa539_mv2.webp\",\"width\":621,\"height\":828},{\"@type\":\"WebPage\",\"@id\":\"https:\/\/gammon.br\/site_antigo\/legenda-literaria-4c\/#webpage\",\"url\":\"https:\/\/gammon.br\/site_antigo\/legenda-literaria-4c\/\",\"name\":\"Legenda Liter\\u00e1ria 4\\u00b0C - Instituto Presbiteriano Gammon\",\"isPartOf\":{\"@id\":\"https:\/\/gammon.br\/site_antigo\/#website\"},\"primaryImageOfPage\":{\"@id\":\"https:\/\/gammon.br\/site_antigo\/legenda-literaria-4c\/#primaryimage\"},\"datePublished\":\"2020-09-03T18:53:00+00:00\",\"dateModified\":\"2022-06-14T19:16:30+00:00\",\"author\":{\"@id\":\"https:\/\/gammon.br\/site_antigo\/#\/schema\/person\/908d03e4630a39db4591f47e8a52bc0e\"},\"breadcrumb\":{\"@id\":\"https:\/\/gammon.br\/site_antigo\/legenda-literaria-4c\/#breadcrumb\"},\"inLanguage\":\"pt-BR\",\"potentialAction\":[{\"@type\":\"ReadAction\",\"target\":[\"https:\/\/gammon.br\/site_antigo\/legenda-literaria-4c\/\"]}]},{\"@type\":\"BreadcrumbList\",\"@id\":\"https:\/\/gammon.br\/site_antigo\/legenda-literaria-4c\/#breadcrumb\",\"itemListElement\":[{\"@type\":\"ListItem\",\"position\":1,\"name\":\"In\\u00edcio\",\"item\":\"https:\/\/gammon.br\/site_antigo\/\"},{\"@type\":\"ListItem\",\"position\":2,\"name\":\"Legenda Liter\\u00e1ria 4\\u00b0C\"}]},{\"@type\":\"Person\",\"@id\":\"https:\/\/gammon.br\/site_antigo\/#\/schema\/person\/908d03e4630a39db4591f47e8a52bc0e\",\"name\":\"bertonic\",\"image\":{\"@type\":\"ImageObject\",\"@id\":\"https:\/\/gammon.br\/site_antigo\/#personlogo\",\"inLanguage\":\"pt-BR\",\"url\":\"https:\/\/secure.gravatar.com\/avatar\/7927a0e7f77bbb86947265629ceff60ffe809d2aeab6def75123b62a4996ce77?s=96&d=mm&r=g\",\"contentUrl\":\"https:\/\/secure.gravatar.com\/avatar\/7927a0e7f77bbb86947265629ceff60ffe809d2aeab6def75123b62a4996ce77?s=96&d=mm&r=g\",\"caption\":\"bertonic\"},\"sameAs\":[\"http:\/\/gammon.br\"],\"url\":\"https:\/\/gammon.br\/site_antigo\/author\/bertonic\/\"}]}<\/script>\n<!-- \/ Yoast SEO plugin. -->","_links":{"self":[{"href":"https:\/\/gammon.br\/site_antigo\/wp-json\/wp\/v2\/posts\/2446","targetHints":{"allow":["GET"]}}],"collection":[{"href":"https:\/\/gammon.br\/site_antigo\/wp-json\/wp\/v2\/posts"}],"about":[{"href":"https:\/\/gammon.br\/site_antigo\/wp-json\/wp\/v2\/types\/post"}],"author":[{"embeddable":true,"href":"https:\/\/gammon.br\/site_antigo\/wp-json\/wp\/v2\/users\/1"}],"replies":[{"embeddable":true,"href":"https:\/\/gammon.br\/site_antigo\/wp-json\/wp\/v2\/comments?post=2446"}],"version-history":[{"count":1,"href":"https:\/\/gammon.br\/site_antigo\/wp-json\/wp\/v2\/posts\/2446\/revisions"}],"predecessor-version":[{"id":2447,"href":"https:\/\/gammon.br\/site_antigo\/wp-json\/wp\/v2\/posts\/2446\/revisions\/2447"}],"wp:featuredmedia":[{"embeddable":true,"href":"https:\/\/gammon.br\/site_antigo\/wp-json\/wp\/v2\/media\/2449"}],"wp:attachment":[{"href":"https:\/\/gammon.br\/site_antigo\/wp-json\/wp\/v2\/media?parent=2446"}],"wp:term":[{"taxonomy":"category","embeddable":true,"href":"https:\/\/gammon.br\/site_antigo\/wp-json\/wp\/v2\/categories?post=2446"},{"taxonomy":"post_tag","embeddable":true,"href":"https:\/\/gammon.br\/site_antigo\/wp-json\/wp\/v2\/tags?post=2446"}],"curies":[{"name":"wp","href":"https:\/\/api.w.org\/{rel}","templated":true}]}}