{"id":3024,"date":"2021-11-19T19:58:30","date_gmt":"2021-11-19T19:58:30","guid":{"rendered":"https:\/\/gammon.br\/?p=3024"},"modified":"2022-06-14T19:16:30","modified_gmt":"2022-06-14T19:16:30","slug":"feira-de-profissoes","status":"publish","type":"post","link":"https:\/\/gammon.br\/site_antigo\/feira-de-profissoes\/","title":{"rendered":"Feira de Profiss\u00f5es"},"content":{"rendered":"\n<p class=\"has-text-align-center\"><strong>O evento contou com a participa\u00e7\u00e3o de profissionais de diversas \u00e1reas<\/strong><\/p>\n\n\n\n<p>Nos dias 21 e 22 de outubro, nossos alunos participaram da Feira de Profiss\u00f5es Gammon. O evento proporcionou aos jovens mais informa\u00e7\u00f5es a respeito das profiss\u00f5es dispon\u00edveis no mercado de trabalho, bem como um momento de reflex\u00e3o de maneira consciente sobre suas escolhas para o futuro.&nbsp;<\/p>\n\n\n\n<p>Em dois encontros virtuais, contamos com a participa\u00e7\u00e3o de diversos profissionais das \u00e1reas de interesse de nossos estudantes, como Medicina, Engenharia, Direito, Agronomia e afins. Al\u00e9m disso, os coordenadores da Fagammon tamb\u00e9m estiveram presentes e falaram sobre os cursos superiores oferecidos pela institui\u00e7\u00e3o de ensino.<\/p>\n\n\n\n<p>Foi um momento de muita intera\u00e7\u00e3o, aprendizagem e troca de experi\u00eancias. Com a Feira de Profiss\u00f5es Gammon, nossos alunos puderam entender um pouco mais sobre o mercado de trabalho, as possibilidades que cada curso superior oferece e suas poss\u00edveis \u00e1reas de atua\u00e7\u00e3o.<\/p>\n","protected":false},"excerpt":{"rendered":"<p>O evento contou com a participa\u00e7\u00e3o de profissionais de diversas \u00e1reas Nos dias 21 e 22 de outubro, nossos alunos participaram da Feira de Profiss\u00f5es Gammon. O evento proporcionou aos jovens mais informa\u00e7\u00f5es a respeito das profiss\u00f5es dispon\u00edveis no mercado de trabalho, bem como um momento de reflex\u00e3o de maneira consciente sobre suas escolhas para [&hellip;]<\/p>\n","protected":false},"author":1,"featured_media":3025,"comment_status":"open","ping_status":"open","sticky":false,"template":"","format":"standard","meta":{"footnotes":""},"categories":[20,1],"tags":[],"class_list":["post-3024","post","type-post","status-publish","format-standard","has-post-thumbnail","hentry","category-lavras","category-uncategorized"],"yoast_head":"<!-- This site is optimized with the Yoast SEO plugin v16.5 - https:\/\/yoast.com\/wordpress\/plugins\/seo\/ -->\n<title>Feira de Profiss\u00f5es - Instituto Presbiteriano Gammon<\/title>\n<meta name=\"robots\" content=\"noindex, follow, max-snippet:-1, max-image-preview:large, max-video-preview:-1\" \/>\n<meta property=\"og:locale\" content=\"pt_BR\" \/>\n<meta property=\"og:type\" content=\"article\" \/>\n<meta property=\"og:title\" content=\"Feira de Profiss\u00f5es - Instituto Presbiteriano Gammon\" \/>\n<meta property=\"og:description\" content=\"O evento contou com a participa\u00e7\u00e3o de profissionais de diversas \u00e1reas Nos dias 21 e 22 de outubro, nossos alunos participaram da Feira de Profiss\u00f5es Gammon. O evento proporcionou aos jovens mais informa\u00e7\u00f5es a respeito das profiss\u00f5es dispon\u00edveis no mercado de trabalho, bem como um momento de reflex\u00e3o de maneira consciente sobre suas escolhas para [&hellip;]\" \/>\n<meta property=\"og:url\" content=\"https:\/\/gammon.br\/site_antigo\/feira-de-profissoes\/\" \/>\n<meta property=\"og:site_name\" content=\"Instituto Presbiteriano Gammon\" \/>\n<meta property=\"article:published_time\" content=\"2021-11-19T19:58:30+00:00\" \/>\n<meta property=\"article:modified_time\" content=\"2022-06-14T19:16:30+00:00\" \/>\n<meta property=\"og:image\" content=\"https:\/\/gammon.br\/site_antigo\/wp-content\/uploads\/2021\/11\/Noticias-Novembro-21_2.jpg\" \/>\n\t<meta property=\"og:image:width\" content=\"1000\" \/>\n\t<meta property=\"og:image:height\" content=\"1000\" \/>\n<meta name=\"twitter:card\" content=\"summary_large_image\" \/>\n<meta name=\"twitter:label1\" content=\"Est. tempo de leitura\" \/>\n\t<meta name=\"twitter:data1\" content=\"1 minuto\" \/>\n<script type=\"application\/ld+json\" class=\"yoast-schema-graph\">{\"@context\":\"https:\/\/schema.org\",\"@graph\":[{\"@type\":\"WebSite\",\"@id\":\"https:\/\/gammon.br\/site_antigo\/#website\",\"url\":\"https:\/\/gammon.br\/site_antigo\/\",\"name\":\"Instituto Presbiteriano Gammon\",\"description\":\"-\",\"potentialAction\":[{\"@type\":\"SearchAction\",\"target\":\"https:\/\/gammon.br\/site_antigo\/?s={search_term_string}\",\"query-input\":\"required name=search_term_string\"}],\"inLanguage\":\"pt-BR\"},{\"@type\":\"ImageObject\",\"@id\":\"https:\/\/gammon.br\/site_antigo\/feira-de-profissoes\/#primaryimage\",\"inLanguage\":\"pt-BR\",\"url\":\"https:\/\/gammon.br\/site_antigo\/wp-content\/uploads\/2021\/11\/Noticias-Novembro-21_2.jpg\",\"contentUrl\":\"https:\/\/gammon.br\/site_antigo\/wp-content\/uploads\/2021\/11\/Noticias-Novembro-21_2.jpg\",\"width\":1000,\"height\":1000},{\"@type\":\"WebPage\",\"@id\":\"https:\/\/gammon.br\/site_antigo\/feira-de-profissoes\/#webpage\",\"url\":\"https:\/\/gammon.br\/site_antigo\/feira-de-profissoes\/\",\"name\":\"Feira de Profiss\\u00f5es - Instituto Presbiteriano Gammon\",\"isPartOf\":{\"@id\":\"https:\/\/gammon.br\/site_antigo\/#website\"},\"primaryImageOfPage\":{\"@id\":\"https:\/\/gammon.br\/site_antigo\/feira-de-profissoes\/#primaryimage\"},\"datePublished\":\"2021-11-19T19:58:30+00:00\",\"dateModified\":\"2022-06-14T19:16:30+00:00\",\"author\":{\"@id\":\"https:\/\/gammon.br\/site_antigo\/#\/schema\/person\/908d03e4630a39db4591f47e8a52bc0e\"},\"breadcrumb\":{\"@id\":\"https:\/\/gammon.br\/site_antigo\/feira-de-profissoes\/#breadcrumb\"},\"inLanguage\":\"pt-BR\",\"potentialAction\":[{\"@type\":\"ReadAction\",\"target\":[\"https:\/\/gammon.br\/site_antigo\/feira-de-profissoes\/\"]}]},{\"@type\":\"BreadcrumbList\",\"@id\":\"https:\/\/gammon.br\/site_antigo\/feira-de-profissoes\/#breadcrumb\",\"itemListElement\":[{\"@type\":\"ListItem\",\"position\":1,\"name\":\"In\\u00edcio\",\"item\":\"https:\/\/gammon.br\/site_antigo\/\"},{\"@type\":\"ListItem\",\"position\":2,\"name\":\"Feira de Profiss\\u00f5es\"}]},{\"@type\":\"Person\",\"@id\":\"https:\/\/gammon.br\/site_antigo\/#\/schema\/person\/908d03e4630a39db4591f47e8a52bc0e\",\"name\":\"bertonic\",\"image\":{\"@type\":\"ImageObject\",\"@id\":\"https:\/\/gammon.br\/site_antigo\/#personlogo\",\"inLanguage\":\"pt-BR\",\"url\":\"https:\/\/secure.gravatar.com\/avatar\/7927a0e7f77bbb86947265629ceff60ffe809d2aeab6def75123b62a4996ce77?s=96&d=mm&r=g\",\"contentUrl\":\"https:\/\/secure.gravatar.com\/avatar\/7927a0e7f77bbb86947265629ceff60ffe809d2aeab6def75123b62a4996ce77?s=96&d=mm&r=g\",\"caption\":\"bertonic\"},\"sameAs\":[\"http:\/\/gammon.br\"],\"url\":\"https:\/\/gammon.br\/site_antigo\/author\/bertonic\/\"}]}<\/script>\n<!-- \/ Yoast SEO plugin. -->","_links":{"self":[{"href":"https:\/\/gammon.br\/site_antigo\/wp-json\/wp\/v2\/posts\/3024","targetHints":{"allow":["GET"]}}],"collection":[{"href":"https:\/\/gammon.br\/site_antigo\/wp-json\/wp\/v2\/posts"}],"about":[{"href":"https:\/\/gammon.br\/site_antigo\/wp-json\/wp\/v2\/types\/post"}],"author":[{"embeddable":true,"href":"https:\/\/gammon.br\/site_antigo\/wp-json\/wp\/v2\/users\/1"}],"replies":[{"embeddable":true,"href":"https:\/\/gammon.br\/site_antigo\/wp-json\/wp\/v2\/comments?post=3024"}],"version-history":[{"count":2,"href":"https:\/\/gammon.br\/site_antigo\/wp-json\/wp\/v2\/posts\/3024\/revisions"}],"predecessor-version":[{"id":3027,"href":"https:\/\/gammon.br\/site_antigo\/wp-json\/wp\/v2\/posts\/3024\/revisions\/3027"}],"wp:featuredmedia":[{"embeddable":true,"href":"https:\/\/gammon.br\/site_antigo\/wp-json\/wp\/v2\/media\/3025"}],"wp:attachment":[{"href":"https:\/\/gammon.br\/site_antigo\/wp-json\/wp\/v2\/media?parent=3024"}],"wp:term":[{"taxonomy":"category","embeddable":true,"href":"https:\/\/gammon.br\/site_antigo\/wp-json\/wp\/v2\/categories?post=3024"},{"taxonomy":"post_tag","embeddable":true,"href":"https:\/\/gammon.br\/site_antigo\/wp-json\/wp\/v2\/tags?post=3024"}],"curies":[{"name":"wp","href":"https:\/\/api.w.org\/{rel}","templated":true}]}}