{"id":3031,"date":"2021-11-19T20:01:41","date_gmt":"2021-11-19T20:01:41","guid":{"rendered":"https:\/\/gammon.br\/?p=3031"},"modified":"2022-06-14T19:16:30","modified_gmt":"2022-06-14T19:16:30","slug":"palestra-enfretamento-da-pandemia-pelas-criancas-adolescentes-e-familias","status":"publish","type":"post","link":"https:\/\/gammon.br\/site_antigo\/palestra-enfretamento-da-pandemia-pelas-criancas-adolescentes-e-familias\/","title":{"rendered":"Palestra: &#8220;Enfretamento da pandemia pelas crian\u00e7as, adolescentes e fam\u00edlias&#8221;"},"content":{"rendered":"\n<p class=\"has-text-align-center\"><strong>O encontro on-line aconteceu em outubro e debateu sobre os impactos da pandemia\u00a0<\/strong><\/p>\n\n\n\n<p>O Instituto Presbiteriano Gammon preparou para toda a sua comunidade a palestra \u201cEnfrentamento da pandemia pelas crian\u00e7as, adolescentes e fam\u00edlias\u201d, cujo objetivo foi o debate a respeito da pandemia e seus impactos na vida das fam\u00edlias. O evento contou com a presen\u00e7a dos especialistas Andrea Chaimowicz, Maria In\u00eas Ribeiro Costa Jonas e Natanael Louren\u00e7o Mota.<\/p>\n\n\n\n<p>Devido ao atual momento em que a sa\u00fade mundial est\u00e1 passando, tivemos como prop\u00f3sito informar e tranquilizar nossos colaboradores, alunos e familiares sobre a situa\u00e7\u00e3o. Assim, nesse bate-papo foi importante esclarecer d\u00favidas, refor\u00e7ar os cuidados essenciais, bem como buscar fortalecer nosso espa\u00e7o como um lugar de apoio e conforto para todos.<\/p>\n","protected":false},"excerpt":{"rendered":"<p>O encontro on-line aconteceu em outubro e debateu sobre os impactos da pandemia\u00a0 O Instituto Presbiteriano Gammon preparou para toda a sua comunidade a palestra \u201cEnfrentamento da pandemia pelas crian\u00e7as, adolescentes e fam\u00edlias\u201d, cujo objetivo foi o debate a respeito da pandemia e seus impactos na vida das fam\u00edlias. O evento contou com a presen\u00e7a [&hellip;]<\/p>\n","protected":false},"author":1,"featured_media":3032,"comment_status":"open","ping_status":"open","sticky":false,"template":"","format":"standard","meta":{"footnotes":""},"categories":[20,6],"tags":[],"class_list":["post-3031","post","type-post","status-publish","format-standard","has-post-thumbnail","hentry","category-lavras","category-noticias"],"yoast_head":"<!-- This site is optimized with the Yoast SEO plugin v16.5 - https:\/\/yoast.com\/wordpress\/plugins\/seo\/ -->\n<title>Palestra: &quot;Enfretamento da pandemia pelas crian\u00e7as, adolescentes e fam\u00edlias&quot; - Instituto Presbiteriano Gammon<\/title>\n<meta name=\"robots\" content=\"noindex, follow, max-snippet:-1, max-image-preview:large, max-video-preview:-1\" \/>\n<meta property=\"og:locale\" content=\"pt_BR\" \/>\n<meta property=\"og:type\" content=\"article\" \/>\n<meta property=\"og:title\" content=\"Palestra: &quot;Enfretamento da pandemia pelas crian\u00e7as, adolescentes e fam\u00edlias&quot; - Instituto Presbiteriano Gammon\" \/>\n<meta property=\"og:description\" content=\"O encontro on-line aconteceu em outubro e debateu sobre os impactos da pandemia\u00a0 O Instituto Presbiteriano Gammon preparou para toda a sua comunidade a palestra \u201cEnfrentamento da pandemia pelas crian\u00e7as, adolescentes e fam\u00edlias\u201d, cujo objetivo foi o debate a respeito da pandemia e seus impactos na vida das fam\u00edlias. O evento contou com a presen\u00e7a [&hellip;]\" \/>\n<meta property=\"og:url\" content=\"https:\/\/gammon.br\/site_antigo\/palestra-enfretamento-da-pandemia-pelas-criancas-adolescentes-e-familias\/\" \/>\n<meta property=\"og:site_name\" content=\"Instituto Presbiteriano Gammon\" \/>\n<meta property=\"article:published_time\" content=\"2021-11-19T20:01:41+00:00\" \/>\n<meta property=\"article:modified_time\" content=\"2022-06-14T19:16:30+00:00\" \/>\n<meta property=\"og:image\" content=\"https:\/\/gammon.br\/site_antigo\/wp-content\/uploads\/2021\/11\/Noticias-Novembro-21_4.jpg\" \/>\n\t<meta property=\"og:image:width\" content=\"1000\" \/>\n\t<meta property=\"og:image:height\" content=\"1000\" \/>\n<meta name=\"twitter:card\" content=\"summary_large_image\" \/>\n<meta name=\"twitter:label1\" content=\"Est. tempo de leitura\" \/>\n\t<meta name=\"twitter:data1\" content=\"1 minuto\" \/>\n<script type=\"application\/ld+json\" class=\"yoast-schema-graph\">{\"@context\":\"https:\/\/schema.org\",\"@graph\":[{\"@type\":\"WebSite\",\"@id\":\"https:\/\/gammon.br\/site_antigo\/#website\",\"url\":\"https:\/\/gammon.br\/site_antigo\/\",\"name\":\"Instituto Presbiteriano Gammon\",\"description\":\"-\",\"potentialAction\":[{\"@type\":\"SearchAction\",\"target\":\"https:\/\/gammon.br\/site_antigo\/?s={search_term_string}\",\"query-input\":\"required name=search_term_string\"}],\"inLanguage\":\"pt-BR\"},{\"@type\":\"ImageObject\",\"@id\":\"https:\/\/gammon.br\/site_antigo\/palestra-enfretamento-da-pandemia-pelas-criancas-adolescentes-e-familias\/#primaryimage\",\"inLanguage\":\"pt-BR\",\"url\":\"https:\/\/gammon.br\/site_antigo\/wp-content\/uploads\/2021\/11\/Noticias-Novembro-21_4.jpg\",\"contentUrl\":\"https:\/\/gammon.br\/site_antigo\/wp-content\/uploads\/2021\/11\/Noticias-Novembro-21_4.jpg\",\"width\":1000,\"height\":1000},{\"@type\":\"WebPage\",\"@id\":\"https:\/\/gammon.br\/site_antigo\/palestra-enfretamento-da-pandemia-pelas-criancas-adolescentes-e-familias\/#webpage\",\"url\":\"https:\/\/gammon.br\/site_antigo\/palestra-enfretamento-da-pandemia-pelas-criancas-adolescentes-e-familias\/\",\"name\":\"Palestra: \\\"Enfretamento da pandemia pelas crian\\u00e7as, adolescentes e fam\\u00edlias\\\" - Instituto Presbiteriano Gammon\",\"isPartOf\":{\"@id\":\"https:\/\/gammon.br\/site_antigo\/#website\"},\"primaryImageOfPage\":{\"@id\":\"https:\/\/gammon.br\/site_antigo\/palestra-enfretamento-da-pandemia-pelas-criancas-adolescentes-e-familias\/#primaryimage\"},\"datePublished\":\"2021-11-19T20:01:41+00:00\",\"dateModified\":\"2022-06-14T19:16:30+00:00\",\"author\":{\"@id\":\"https:\/\/gammon.br\/site_antigo\/#\/schema\/person\/908d03e4630a39db4591f47e8a52bc0e\"},\"breadcrumb\":{\"@id\":\"https:\/\/gammon.br\/site_antigo\/palestra-enfretamento-da-pandemia-pelas-criancas-adolescentes-e-familias\/#breadcrumb\"},\"inLanguage\":\"pt-BR\",\"potentialAction\":[{\"@type\":\"ReadAction\",\"target\":[\"https:\/\/gammon.br\/site_antigo\/palestra-enfretamento-da-pandemia-pelas-criancas-adolescentes-e-familias\/\"]}]},{\"@type\":\"BreadcrumbList\",\"@id\":\"https:\/\/gammon.br\/site_antigo\/palestra-enfretamento-da-pandemia-pelas-criancas-adolescentes-e-familias\/#breadcrumb\",\"itemListElement\":[{\"@type\":\"ListItem\",\"position\":1,\"name\":\"In\\u00edcio\",\"item\":\"https:\/\/gammon.br\/site_antigo\/\"},{\"@type\":\"ListItem\",\"position\":2,\"name\":\"Palestra: &#8220;Enfretamento da pandemia pelas crian\\u00e7as, adolescentes e fam\\u00edlias&#8221;\"}]},{\"@type\":\"Person\",\"@id\":\"https:\/\/gammon.br\/site_antigo\/#\/schema\/person\/908d03e4630a39db4591f47e8a52bc0e\",\"name\":\"bertonic\",\"image\":{\"@type\":\"ImageObject\",\"@id\":\"https:\/\/gammon.br\/site_antigo\/#personlogo\",\"inLanguage\":\"pt-BR\",\"url\":\"https:\/\/secure.gravatar.com\/avatar\/7927a0e7f77bbb86947265629ceff60ffe809d2aeab6def75123b62a4996ce77?s=96&d=mm&r=g\",\"contentUrl\":\"https:\/\/secure.gravatar.com\/avatar\/7927a0e7f77bbb86947265629ceff60ffe809d2aeab6def75123b62a4996ce77?s=96&d=mm&r=g\",\"caption\":\"bertonic\"},\"sameAs\":[\"http:\/\/gammon.br\"],\"url\":\"https:\/\/gammon.br\/site_antigo\/author\/bertonic\/\"}]}<\/script>\n<!-- \/ Yoast SEO plugin. -->","_links":{"self":[{"href":"https:\/\/gammon.br\/site_antigo\/wp-json\/wp\/v2\/posts\/3031","targetHints":{"allow":["GET"]}}],"collection":[{"href":"https:\/\/gammon.br\/site_antigo\/wp-json\/wp\/v2\/posts"}],"about":[{"href":"https:\/\/gammon.br\/site_antigo\/wp-json\/wp\/v2\/types\/post"}],"author":[{"embeddable":true,"href":"https:\/\/gammon.br\/site_antigo\/wp-json\/wp\/v2\/users\/1"}],"replies":[{"embeddable":true,"href":"https:\/\/gammon.br\/site_antigo\/wp-json\/wp\/v2\/comments?post=3031"}],"version-history":[{"count":1,"href":"https:\/\/gammon.br\/site_antigo\/wp-json\/wp\/v2\/posts\/3031\/revisions"}],"predecessor-version":[{"id":3033,"href":"https:\/\/gammon.br\/site_antigo\/wp-json\/wp\/v2\/posts\/3031\/revisions\/3033"}],"wp:featuredmedia":[{"embeddable":true,"href":"https:\/\/gammon.br\/site_antigo\/wp-json\/wp\/v2\/media\/3032"}],"wp:attachment":[{"href":"https:\/\/gammon.br\/site_antigo\/wp-json\/wp\/v2\/media?parent=3031"}],"wp:term":[{"taxonomy":"category","embeddable":true,"href":"https:\/\/gammon.br\/site_antigo\/wp-json\/wp\/v2\/categories?post=3031"},{"taxonomy":"post_tag","embeddable":true,"href":"https:\/\/gammon.br\/site_antigo\/wp-json\/wp\/v2\/tags?post=3031"}],"curies":[{"name":"wp","href":"https:\/\/api.w.org\/{rel}","templated":true}]}}