{"id":3664,"date":"2022-07-15T19:49:00","date_gmt":"2022-07-15T19:49:00","guid":{"rendered":"https:\/\/gammon.br\/?p=3664"},"modified":"2022-07-25T19:50:49","modified_gmt":"2022-07-25T19:50:49","slug":"periodo-de-ferias-e-voltas-as-aulas","status":"publish","type":"post","link":"https:\/\/gammon.br\/site_antigo\/periodo-de-ferias-e-voltas-as-aulas\/","title":{"rendered":"PER\u00cdODO DE F\u00c9RIAS E VOLTAS \u00c0S AULAS"},"content":{"rendered":"\n<p>Na\u00e7\u00e3o Gammonense, as f\u00e9rias escolares do Instituto Presbiteriano Gammon acontecem entre os dias 18 e 29 de julho, na unidade de Lavras, e, em Guanh\u00e3es, entre os dias 18 e 31 de julho. Desejamos que todos possam aproveitar para descansar e curtir com amigos e familiares. A nossa volta \u00e0s aulas acontece dia 1 de agosto, segunda-feira. Bom descanso!<\/p>\n","protected":false},"excerpt":{"rendered":"<p>Na\u00e7\u00e3o Gammonense, as f\u00e9rias escolares do Instituto Presbiteriano Gammon acontecem entre os dias 18 e 29 de julho, na unidade de Lavras, e, em Guanh\u00e3es, entre os dias 18 e 31 de julho. Desejamos que todos possam aproveitar para descansar e curtir com amigos e familiares. A nossa volta \u00e0s aulas acontece dia 1 de [&hellip;]<\/p>\n","protected":false},"author":1,"featured_media":3665,"comment_status":"open","ping_status":"open","sticky":false,"template":"","format":"standard","meta":{"footnotes":""},"categories":[21,20],"tags":[],"class_list":["post-3664","post","type-post","status-publish","format-standard","has-post-thumbnail","hentry","category-guanhaes","category-lavras"],"yoast_head":"<!-- This site is optimized with the Yoast SEO plugin v16.5 - https:\/\/yoast.com\/wordpress\/plugins\/seo\/ -->\n<title>PER\u00cdODO DE F\u00c9RIAS E VOLTAS \u00c0S AULAS - Instituto Presbiteriano Gammon<\/title>\n<meta name=\"robots\" content=\"noindex, follow, max-snippet:-1, max-image-preview:large, max-video-preview:-1\" \/>\n<meta property=\"og:locale\" content=\"pt_BR\" \/>\n<meta property=\"og:type\" content=\"article\" \/>\n<meta property=\"og:title\" content=\"PER\u00cdODO DE F\u00c9RIAS E VOLTAS \u00c0S AULAS - Instituto Presbiteriano Gammon\" \/>\n<meta property=\"og:description\" content=\"Na\u00e7\u00e3o Gammonense, as f\u00e9rias escolares do Instituto Presbiteriano Gammon acontecem entre os dias 18 e 29 de julho, na unidade de Lavras, e, em Guanh\u00e3es, entre os dias 18 e 31 de julho. Desejamos que todos possam aproveitar para descansar e curtir com amigos e familiares. A nossa volta \u00e0s aulas acontece dia 1 de [&hellip;]\" \/>\n<meta property=\"og:url\" content=\"https:\/\/gammon.br\/site_antigo\/periodo-de-ferias-e-voltas-as-aulas\/\" \/>\n<meta property=\"og:site_name\" content=\"Instituto Presbiteriano Gammon\" \/>\n<meta property=\"article:published_time\" content=\"2022-07-15T19:49:00+00:00\" \/>\n<meta property=\"article:modified_time\" content=\"2022-07-25T19:50:49+00:00\" \/>\n<meta property=\"og:image\" content=\"https:\/\/gammon.br\/site_antigo\/wp-content\/uploads\/2022\/07\/PERIODO-DE-FERIAS-E-VOLTAS-AS-AULAS.png\" \/>\n\t<meta property=\"og:image:width\" content=\"2250\" \/>\n\t<meta property=\"og:image:height\" content=\"2250\" \/>\n<meta name=\"twitter:card\" content=\"summary_large_image\" \/>\n<meta name=\"twitter:label1\" content=\"Est. tempo de leitura\" \/>\n\t<meta name=\"twitter:data1\" content=\"1 minuto\" \/>\n<script type=\"application\/ld+json\" class=\"yoast-schema-graph\">{\"@context\":\"https:\/\/schema.org\",\"@graph\":[{\"@type\":\"WebSite\",\"@id\":\"https:\/\/gammon.br\/site_antigo\/#website\",\"url\":\"https:\/\/gammon.br\/site_antigo\/\",\"name\":\"Instituto Presbiteriano Gammon\",\"description\":\"-\",\"potentialAction\":[{\"@type\":\"SearchAction\",\"target\":\"https:\/\/gammon.br\/site_antigo\/?s={search_term_string}\",\"query-input\":\"required name=search_term_string\"}],\"inLanguage\":\"pt-BR\"},{\"@type\":\"ImageObject\",\"@id\":\"https:\/\/gammon.br\/site_antigo\/periodo-de-ferias-e-voltas-as-aulas\/#primaryimage\",\"inLanguage\":\"pt-BR\",\"url\":\"https:\/\/gammon.br\/site_antigo\/wp-content\/uploads\/2022\/07\/PERIODO-DE-FERIAS-E-VOLTAS-AS-AULAS.png\",\"contentUrl\":\"https:\/\/gammon.br\/site_antigo\/wp-content\/uploads\/2022\/07\/PERIODO-DE-FERIAS-E-VOLTAS-AS-AULAS.png\",\"width\":2250,\"height\":2250},{\"@type\":\"WebPage\",\"@id\":\"https:\/\/gammon.br\/site_antigo\/periodo-de-ferias-e-voltas-as-aulas\/#webpage\",\"url\":\"https:\/\/gammon.br\/site_antigo\/periodo-de-ferias-e-voltas-as-aulas\/\",\"name\":\"PER\\u00cdODO DE F\\u00c9RIAS E VOLTAS \\u00c0S AULAS - Instituto Presbiteriano Gammon\",\"isPartOf\":{\"@id\":\"https:\/\/gammon.br\/site_antigo\/#website\"},\"primaryImageOfPage\":{\"@id\":\"https:\/\/gammon.br\/site_antigo\/periodo-de-ferias-e-voltas-as-aulas\/#primaryimage\"},\"datePublished\":\"2022-07-15T19:49:00+00:00\",\"dateModified\":\"2022-07-25T19:50:49+00:00\",\"author\":{\"@id\":\"https:\/\/gammon.br\/site_antigo\/#\/schema\/person\/908d03e4630a39db4591f47e8a52bc0e\"},\"breadcrumb\":{\"@id\":\"https:\/\/gammon.br\/site_antigo\/periodo-de-ferias-e-voltas-as-aulas\/#breadcrumb\"},\"inLanguage\":\"pt-BR\",\"potentialAction\":[{\"@type\":\"ReadAction\",\"target\":[\"https:\/\/gammon.br\/site_antigo\/periodo-de-ferias-e-voltas-as-aulas\/\"]}]},{\"@type\":\"BreadcrumbList\",\"@id\":\"https:\/\/gammon.br\/site_antigo\/periodo-de-ferias-e-voltas-as-aulas\/#breadcrumb\",\"itemListElement\":[{\"@type\":\"ListItem\",\"position\":1,\"name\":\"In\\u00edcio\",\"item\":\"https:\/\/gammon.br\/site_antigo\/\"},{\"@type\":\"ListItem\",\"position\":2,\"name\":\"PER\\u00cdODO DE F\\u00c9RIAS E VOLTAS \\u00c0S AULAS\"}]},{\"@type\":\"Person\",\"@id\":\"https:\/\/gammon.br\/site_antigo\/#\/schema\/person\/908d03e4630a39db4591f47e8a52bc0e\",\"name\":\"bertonic\",\"image\":{\"@type\":\"ImageObject\",\"@id\":\"https:\/\/gammon.br\/site_antigo\/#personlogo\",\"inLanguage\":\"pt-BR\",\"url\":\"https:\/\/secure.gravatar.com\/avatar\/7927a0e7f77bbb86947265629ceff60ffe809d2aeab6def75123b62a4996ce77?s=96&d=mm&r=g\",\"contentUrl\":\"https:\/\/secure.gravatar.com\/avatar\/7927a0e7f77bbb86947265629ceff60ffe809d2aeab6def75123b62a4996ce77?s=96&d=mm&r=g\",\"caption\":\"bertonic\"},\"sameAs\":[\"http:\/\/gammon.br\"],\"url\":\"https:\/\/gammon.br\/site_antigo\/author\/bertonic\/\"}]}<\/script>\n<!-- \/ Yoast SEO plugin. -->","_links":{"self":[{"href":"https:\/\/gammon.br\/site_antigo\/wp-json\/wp\/v2\/posts\/3664","targetHints":{"allow":["GET"]}}],"collection":[{"href":"https:\/\/gammon.br\/site_antigo\/wp-json\/wp\/v2\/posts"}],"about":[{"href":"https:\/\/gammon.br\/site_antigo\/wp-json\/wp\/v2\/types\/post"}],"author":[{"embeddable":true,"href":"https:\/\/gammon.br\/site_antigo\/wp-json\/wp\/v2\/users\/1"}],"replies":[{"embeddable":true,"href":"https:\/\/gammon.br\/site_antigo\/wp-json\/wp\/v2\/comments?post=3664"}],"version-history":[{"count":1,"href":"https:\/\/gammon.br\/site_antigo\/wp-json\/wp\/v2\/posts\/3664\/revisions"}],"predecessor-version":[{"id":3666,"href":"https:\/\/gammon.br\/site_antigo\/wp-json\/wp\/v2\/posts\/3664\/revisions\/3666"}],"wp:featuredmedia":[{"embeddable":true,"href":"https:\/\/gammon.br\/site_antigo\/wp-json\/wp\/v2\/media\/3665"}],"wp:attachment":[{"href":"https:\/\/gammon.br\/site_antigo\/wp-json\/wp\/v2\/media?parent=3664"}],"wp:term":[{"taxonomy":"category","embeddable":true,"href":"https:\/\/gammon.br\/site_antigo\/wp-json\/wp\/v2\/categories?post=3664"},{"taxonomy":"post_tag","embeddable":true,"href":"https:\/\/gammon.br\/site_antigo\/wp-json\/wp\/v2\/tags?post=3664"}],"curies":[{"name":"wp","href":"https:\/\/api.w.org\/{rel}","templated":true}]}}