{"id":3670,"date":"2022-07-07T19:52:00","date_gmt":"2022-07-07T19:52:00","guid":{"rendered":"https:\/\/gammon.br\/?p=3670"},"modified":"2022-07-25T19:53:33","modified_gmt":"2022-07-25T19:53:33","slug":"celebracao-dos-153-anos","status":"publish","type":"post","link":"https:\/\/gammon.br\/site_antigo\/celebracao-dos-153-anos\/","title":{"rendered":"CELEBRA\u00c7\u00c3O DOS 153 ANOS"},"content":{"rendered":"\n<p>O Instituto Presbiteriano Gammon est\u00e1 celebrando 153 anos e, para esta data t\u00e3o especial, a institui\u00e7\u00e3o preparou uma programa\u00e7\u00e3o exclusiva e repleta de eventos incr\u00edveis, em que toda a Na\u00e7\u00e3o Gammonense\u00a0poder\u00e1\u00a0participar. N\u00e3o fique de fora, os eventos acontecem ao longo de agosto e setembro. Acesse:\u00a0<a href=\"https:\/\/materiais.gammon.br\/153-anos-gammon\" target=\"_blank\" rel=\"noreferrer noopener\">https:\/\/materiais.gammon.br\/153-anos-gammon<\/a>\u00a0e fique por dentro de tudo!<\/p>\n","protected":false},"excerpt":{"rendered":"<p>O Instituto Presbiteriano Gammon est\u00e1 celebrando 153 anos e, para esta data t\u00e3o especial, a institui\u00e7\u00e3o preparou uma programa\u00e7\u00e3o exclusiva e repleta de eventos incr\u00edveis, em que toda a Na\u00e7\u00e3o Gammonense\u00a0poder\u00e1\u00a0participar. N\u00e3o fique de fora, os eventos acontecem ao longo de agosto e setembro. Acesse:\u00a0https:\/\/materiais.gammon.br\/153-anos-gammon\u00a0e fique por dentro de tudo!<\/p>\n","protected":false},"author":1,"featured_media":3671,"comment_status":"open","ping_status":"open","sticky":false,"template":"","format":"standard","meta":{"footnotes":""},"categories":[21,20],"tags":[],"class_list":["post-3670","post","type-post","status-publish","format-standard","has-post-thumbnail","hentry","category-guanhaes","category-lavras"],"yoast_head":"<!-- This site is optimized with the Yoast SEO plugin v16.5 - https:\/\/yoast.com\/wordpress\/plugins\/seo\/ -->\n<title>CELEBRA\u00c7\u00c3O DOS 153 ANOS - Instituto Presbiteriano Gammon<\/title>\n<meta name=\"robots\" content=\"noindex, follow, max-snippet:-1, max-image-preview:large, max-video-preview:-1\" \/>\n<meta property=\"og:locale\" content=\"pt_BR\" \/>\n<meta property=\"og:type\" content=\"article\" \/>\n<meta property=\"og:title\" content=\"CELEBRA\u00c7\u00c3O DOS 153 ANOS - Instituto Presbiteriano Gammon\" \/>\n<meta property=\"og:description\" content=\"O Instituto Presbiteriano Gammon est\u00e1 celebrando 153 anos e, para esta data t\u00e3o especial, a institui\u00e7\u00e3o preparou uma programa\u00e7\u00e3o exclusiva e repleta de eventos incr\u00edveis, em que toda a Na\u00e7\u00e3o Gammonense\u00a0poder\u00e1\u00a0participar. N\u00e3o fique de fora, os eventos acontecem ao longo de agosto e setembro. Acesse:\u00a0https:\/\/materiais.gammon.br\/153-anos-gammon\u00a0e fique por dentro de tudo!\" \/>\n<meta property=\"og:url\" content=\"https:\/\/gammon.br\/site_antigo\/celebracao-dos-153-anos\/\" \/>\n<meta property=\"og:site_name\" content=\"Instituto Presbiteriano Gammon\" \/>\n<meta property=\"article:published_time\" content=\"2022-07-07T19:52:00+00:00\" \/>\n<meta property=\"article:modified_time\" content=\"2022-07-25T19:53:33+00:00\" \/>\n<meta property=\"og:image\" content=\"https:\/\/gammon.br\/site_antigo\/wp-content\/uploads\/2022\/07\/CELEBRACAO-DOS-153-ANOS.png\" \/>\n\t<meta property=\"og:image:width\" content=\"2501\" \/>\n\t<meta property=\"og:image:height\" content=\"2501\" \/>\n<meta name=\"twitter:card\" content=\"summary_large_image\" \/>\n<meta name=\"twitter:label1\" content=\"Est. tempo de leitura\" \/>\n\t<meta name=\"twitter:data1\" content=\"1 minuto\" \/>\n<script type=\"application\/ld+json\" class=\"yoast-schema-graph\">{\"@context\":\"https:\/\/schema.org\",\"@graph\":[{\"@type\":\"WebSite\",\"@id\":\"https:\/\/gammon.br\/site_antigo\/#website\",\"url\":\"https:\/\/gammon.br\/site_antigo\/\",\"name\":\"Instituto Presbiteriano Gammon\",\"description\":\"-\",\"potentialAction\":[{\"@type\":\"SearchAction\",\"target\":\"https:\/\/gammon.br\/site_antigo\/?s={search_term_string}\",\"query-input\":\"required name=search_term_string\"}],\"inLanguage\":\"pt-BR\"},{\"@type\":\"ImageObject\",\"@id\":\"https:\/\/gammon.br\/site_antigo\/celebracao-dos-153-anos\/#primaryimage\",\"inLanguage\":\"pt-BR\",\"url\":\"https:\/\/gammon.br\/site_antigo\/wp-content\/uploads\/2022\/07\/CELEBRACAO-DOS-153-ANOS.png\",\"contentUrl\":\"https:\/\/gammon.br\/site_antigo\/wp-content\/uploads\/2022\/07\/CELEBRACAO-DOS-153-ANOS.png\",\"width\":2501,\"height\":2501},{\"@type\":\"WebPage\",\"@id\":\"https:\/\/gammon.br\/site_antigo\/celebracao-dos-153-anos\/#webpage\",\"url\":\"https:\/\/gammon.br\/site_antigo\/celebracao-dos-153-anos\/\",\"name\":\"CELEBRA\\u00c7\\u00c3O DOS 153 ANOS - Instituto Presbiteriano Gammon\",\"isPartOf\":{\"@id\":\"https:\/\/gammon.br\/site_antigo\/#website\"},\"primaryImageOfPage\":{\"@id\":\"https:\/\/gammon.br\/site_antigo\/celebracao-dos-153-anos\/#primaryimage\"},\"datePublished\":\"2022-07-07T19:52:00+00:00\",\"dateModified\":\"2022-07-25T19:53:33+00:00\",\"author\":{\"@id\":\"https:\/\/gammon.br\/site_antigo\/#\/schema\/person\/908d03e4630a39db4591f47e8a52bc0e\"},\"breadcrumb\":{\"@id\":\"https:\/\/gammon.br\/site_antigo\/celebracao-dos-153-anos\/#breadcrumb\"},\"inLanguage\":\"pt-BR\",\"potentialAction\":[{\"@type\":\"ReadAction\",\"target\":[\"https:\/\/gammon.br\/site_antigo\/celebracao-dos-153-anos\/\"]}]},{\"@type\":\"BreadcrumbList\",\"@id\":\"https:\/\/gammon.br\/site_antigo\/celebracao-dos-153-anos\/#breadcrumb\",\"itemListElement\":[{\"@type\":\"ListItem\",\"position\":1,\"name\":\"In\\u00edcio\",\"item\":\"https:\/\/gammon.br\/site_antigo\/\"},{\"@type\":\"ListItem\",\"position\":2,\"name\":\"CELEBRA\\u00c7\\u00c3O DOS 153 ANOS\"}]},{\"@type\":\"Person\",\"@id\":\"https:\/\/gammon.br\/site_antigo\/#\/schema\/person\/908d03e4630a39db4591f47e8a52bc0e\",\"name\":\"bertonic\",\"image\":{\"@type\":\"ImageObject\",\"@id\":\"https:\/\/gammon.br\/site_antigo\/#personlogo\",\"inLanguage\":\"pt-BR\",\"url\":\"https:\/\/secure.gravatar.com\/avatar\/7927a0e7f77bbb86947265629ceff60ffe809d2aeab6def75123b62a4996ce77?s=96&d=mm&r=g\",\"contentUrl\":\"https:\/\/secure.gravatar.com\/avatar\/7927a0e7f77bbb86947265629ceff60ffe809d2aeab6def75123b62a4996ce77?s=96&d=mm&r=g\",\"caption\":\"bertonic\"},\"sameAs\":[\"http:\/\/gammon.br\"],\"url\":\"https:\/\/gammon.br\/site_antigo\/author\/bertonic\/\"}]}<\/script>\n<!-- \/ Yoast SEO plugin. -->","_links":{"self":[{"href":"https:\/\/gammon.br\/site_antigo\/wp-json\/wp\/v2\/posts\/3670","targetHints":{"allow":["GET"]}}],"collection":[{"href":"https:\/\/gammon.br\/site_antigo\/wp-json\/wp\/v2\/posts"}],"about":[{"href":"https:\/\/gammon.br\/site_antigo\/wp-json\/wp\/v2\/types\/post"}],"author":[{"embeddable":true,"href":"https:\/\/gammon.br\/site_antigo\/wp-json\/wp\/v2\/users\/1"}],"replies":[{"embeddable":true,"href":"https:\/\/gammon.br\/site_antigo\/wp-json\/wp\/v2\/comments?post=3670"}],"version-history":[{"count":1,"href":"https:\/\/gammon.br\/site_antigo\/wp-json\/wp\/v2\/posts\/3670\/revisions"}],"predecessor-version":[{"id":3672,"href":"https:\/\/gammon.br\/site_antigo\/wp-json\/wp\/v2\/posts\/3670\/revisions\/3672"}],"wp:featuredmedia":[{"embeddable":true,"href":"https:\/\/gammon.br\/site_antigo\/wp-json\/wp\/v2\/media\/3671"}],"wp:attachment":[{"href":"https:\/\/gammon.br\/site_antigo\/wp-json\/wp\/v2\/media?parent=3670"}],"wp:term":[{"taxonomy":"category","embeddable":true,"href":"https:\/\/gammon.br\/site_antigo\/wp-json\/wp\/v2\/categories?post=3670"},{"taxonomy":"post_tag","embeddable":true,"href":"https:\/\/gammon.br\/site_antigo\/wp-json\/wp\/v2\/tags?post=3670"}],"curies":[{"name":"wp","href":"https:\/\/api.w.org\/{rel}","templated":true}]}}