{"id":3679,"date":"2022-06-01T19:55:00","date_gmt":"2022-06-01T19:55:00","guid":{"rendered":"https:\/\/gammon.br\/?p=3679"},"modified":"2022-07-25T19:56:01","modified_gmt":"2022-07-25T19:56:01","slug":"festa-da-familia","status":"publish","type":"post","link":"https:\/\/gammon.br\/site_antigo\/festa-da-familia\/","title":{"rendered":"FESTA DA FAM\u00cdLIA"},"content":{"rendered":"\n<p>Em mais uma a\u00e7\u00e3o entre escola e comunidade, o Instituto Presbiteriano Gammon promoveu, neste m\u00eas de junho, a Festa da Fam\u00edlia!<br>O evento celebrou a uni\u00e3o, o amor e as b\u00ean\u00e7\u00e3os de Deus presentes em cada lar Gammonense. A festa aconteceu no dia 25 de junho, \u00e0s 15h, no Gin\u00e1sio Castelo Branco (Camp\u00e3o). Foi muito especial t\u00ea-los conosco!<\/p>\n","protected":false},"excerpt":{"rendered":"<p>Em mais uma a\u00e7\u00e3o entre escola e comunidade, o Instituto Presbiteriano Gammon promoveu, neste m\u00eas de junho, a Festa da Fam\u00edlia!O evento celebrou a uni\u00e3o, o amor e as b\u00ean\u00e7\u00e3os de Deus presentes em cada lar Gammonense. A festa aconteceu no dia 25 de junho, \u00e0s 15h, no Gin\u00e1sio Castelo Branco (Camp\u00e3o). Foi muito especial [&hellip;]<\/p>\n","protected":false},"author":1,"featured_media":3680,"comment_status":"open","ping_status":"open","sticky":false,"template":"","format":"standard","meta":{"footnotes":""},"categories":[21,20],"tags":[],"class_list":["post-3679","post","type-post","status-publish","format-standard","has-post-thumbnail","hentry","category-guanhaes","category-lavras"],"yoast_head":"<!-- This site is optimized with the Yoast SEO plugin v16.5 - https:\/\/yoast.com\/wordpress\/plugins\/seo\/ -->\n<title>FESTA DA FAM\u00cdLIA - Instituto Presbiteriano Gammon<\/title>\n<meta name=\"robots\" content=\"noindex, follow, max-snippet:-1, max-image-preview:large, max-video-preview:-1\" \/>\n<meta property=\"og:locale\" content=\"pt_BR\" \/>\n<meta property=\"og:type\" content=\"article\" \/>\n<meta property=\"og:title\" content=\"FESTA DA FAM\u00cdLIA - Instituto Presbiteriano Gammon\" \/>\n<meta property=\"og:description\" content=\"Em mais uma a\u00e7\u00e3o entre escola e comunidade, o Instituto Presbiteriano Gammon promoveu, neste m\u00eas de junho, a Festa da Fam\u00edlia!O evento celebrou a uni\u00e3o, o amor e as b\u00ean\u00e7\u00e3os de Deus presentes em cada lar Gammonense. A festa aconteceu no dia 25 de junho, \u00e0s 15h, no Gin\u00e1sio Castelo Branco (Camp\u00e3o). Foi muito especial [&hellip;]\" \/>\n<meta property=\"og:url\" content=\"https:\/\/gammon.br\/site_antigo\/festa-da-familia\/\" \/>\n<meta property=\"og:site_name\" content=\"Instituto Presbiteriano Gammon\" \/>\n<meta property=\"article:published_time\" content=\"2022-06-01T19:55:00+00:00\" \/>\n<meta property=\"article:modified_time\" content=\"2022-07-25T19:56:01+00:00\" \/>\n<meta property=\"og:image\" content=\"https:\/\/gammon.br\/site_antigo\/wp-content\/uploads\/2022\/07\/FESTA-DA-FAMILIA.png\" \/>\n\t<meta property=\"og:image:width\" content=\"2500\" \/>\n\t<meta property=\"og:image:height\" content=\"2501\" \/>\n<meta name=\"twitter:card\" content=\"summary_large_image\" \/>\n<meta name=\"twitter:label1\" content=\"Est. tempo de leitura\" \/>\n\t<meta name=\"twitter:data1\" content=\"1 minuto\" \/>\n<script type=\"application\/ld+json\" class=\"yoast-schema-graph\">{\"@context\":\"https:\/\/schema.org\",\"@graph\":[{\"@type\":\"WebSite\",\"@id\":\"https:\/\/gammon.br\/site_antigo\/#website\",\"url\":\"https:\/\/gammon.br\/site_antigo\/\",\"name\":\"Instituto Presbiteriano Gammon\",\"description\":\"-\",\"potentialAction\":[{\"@type\":\"SearchAction\",\"target\":\"https:\/\/gammon.br\/site_antigo\/?s={search_term_string}\",\"query-input\":\"required name=search_term_string\"}],\"inLanguage\":\"pt-BR\"},{\"@type\":\"ImageObject\",\"@id\":\"https:\/\/gammon.br\/site_antigo\/festa-da-familia\/#primaryimage\",\"inLanguage\":\"pt-BR\",\"url\":\"https:\/\/gammon.br\/site_antigo\/wp-content\/uploads\/2022\/07\/FESTA-DA-FAMILIA.png\",\"contentUrl\":\"https:\/\/gammon.br\/site_antigo\/wp-content\/uploads\/2022\/07\/FESTA-DA-FAMILIA.png\",\"width\":2500,\"height\":2501},{\"@type\":\"WebPage\",\"@id\":\"https:\/\/gammon.br\/site_antigo\/festa-da-familia\/#webpage\",\"url\":\"https:\/\/gammon.br\/site_antigo\/festa-da-familia\/\",\"name\":\"FESTA DA FAM\\u00cdLIA - Instituto Presbiteriano Gammon\",\"isPartOf\":{\"@id\":\"https:\/\/gammon.br\/site_antigo\/#website\"},\"primaryImageOfPage\":{\"@id\":\"https:\/\/gammon.br\/site_antigo\/festa-da-familia\/#primaryimage\"},\"datePublished\":\"2022-06-01T19:55:00+00:00\",\"dateModified\":\"2022-07-25T19:56:01+00:00\",\"author\":{\"@id\":\"https:\/\/gammon.br\/site_antigo\/#\/schema\/person\/908d03e4630a39db4591f47e8a52bc0e\"},\"breadcrumb\":{\"@id\":\"https:\/\/gammon.br\/site_antigo\/festa-da-familia\/#breadcrumb\"},\"inLanguage\":\"pt-BR\",\"potentialAction\":[{\"@type\":\"ReadAction\",\"target\":[\"https:\/\/gammon.br\/site_antigo\/festa-da-familia\/\"]}]},{\"@type\":\"BreadcrumbList\",\"@id\":\"https:\/\/gammon.br\/site_antigo\/festa-da-familia\/#breadcrumb\",\"itemListElement\":[{\"@type\":\"ListItem\",\"position\":1,\"name\":\"In\\u00edcio\",\"item\":\"https:\/\/gammon.br\/site_antigo\/\"},{\"@type\":\"ListItem\",\"position\":2,\"name\":\"FESTA DA FAM\\u00cdLIA\"}]},{\"@type\":\"Person\",\"@id\":\"https:\/\/gammon.br\/site_antigo\/#\/schema\/person\/908d03e4630a39db4591f47e8a52bc0e\",\"name\":\"bertonic\",\"image\":{\"@type\":\"ImageObject\",\"@id\":\"https:\/\/gammon.br\/site_antigo\/#personlogo\",\"inLanguage\":\"pt-BR\",\"url\":\"https:\/\/secure.gravatar.com\/avatar\/7927a0e7f77bbb86947265629ceff60ffe809d2aeab6def75123b62a4996ce77?s=96&d=mm&r=g\",\"contentUrl\":\"https:\/\/secure.gravatar.com\/avatar\/7927a0e7f77bbb86947265629ceff60ffe809d2aeab6def75123b62a4996ce77?s=96&d=mm&r=g\",\"caption\":\"bertonic\"},\"sameAs\":[\"http:\/\/gammon.br\"],\"url\":\"https:\/\/gammon.br\/site_antigo\/author\/bertonic\/\"}]}<\/script>\n<!-- \/ Yoast SEO plugin. -->","_links":{"self":[{"href":"https:\/\/gammon.br\/site_antigo\/wp-json\/wp\/v2\/posts\/3679","targetHints":{"allow":["GET"]}}],"collection":[{"href":"https:\/\/gammon.br\/site_antigo\/wp-json\/wp\/v2\/posts"}],"about":[{"href":"https:\/\/gammon.br\/site_antigo\/wp-json\/wp\/v2\/types\/post"}],"author":[{"embeddable":true,"href":"https:\/\/gammon.br\/site_antigo\/wp-json\/wp\/v2\/users\/1"}],"replies":[{"embeddable":true,"href":"https:\/\/gammon.br\/site_antigo\/wp-json\/wp\/v2\/comments?post=3679"}],"version-history":[{"count":1,"href":"https:\/\/gammon.br\/site_antigo\/wp-json\/wp\/v2\/posts\/3679\/revisions"}],"predecessor-version":[{"id":3681,"href":"https:\/\/gammon.br\/site_antigo\/wp-json\/wp\/v2\/posts\/3679\/revisions\/3681"}],"wp:featuredmedia":[{"embeddable":true,"href":"https:\/\/gammon.br\/site_antigo\/wp-json\/wp\/v2\/media\/3680"}],"wp:attachment":[{"href":"https:\/\/gammon.br\/site_antigo\/wp-json\/wp\/v2\/media?parent=3679"}],"wp:term":[{"taxonomy":"category","embeddable":true,"href":"https:\/\/gammon.br\/site_antigo\/wp-json\/wp\/v2\/categories?post=3679"},{"taxonomy":"post_tag","embeddable":true,"href":"https:\/\/gammon.br\/site_antigo\/wp-json\/wp\/v2\/tags?post=3679"}],"curies":[{"name":"wp","href":"https:\/\/api.w.org\/{rel}","templated":true}]}}